{"id":6777,"date":"2025-09-19T13:19:18","date_gmt":"2025-09-19T11:19:18","guid":{"rendered":"http:\/\/nowadent.com\/?p=6777"},"modified":"2025-09-19T13:19:19","modified_gmt":"2025-09-19T11:19:19","slug":"ortodoncja-dziecieca-kiedy-pierwszy-raz-udac-sie-z-dzieckiem-do-ortodonty","status":"publish","type":"post","link":"https:\/\/nowadent.com\/?p=6777","title":{"rendered":"Ortodoncja dzieci\u0119ca: kiedy pierwszy raz uda\u0107 si\u0119 z dzieckiem do ortodonty?"},"content":{"rendered":"\n    <p>Zdrowy i pi\u0119kny u\u015bmiech to jeden z najcenniejszych dar\u00f3w, jakie mo\u017cemy ofiarowa\u0107 naszemu dziecku. Wiele problem\u00f3w ortodontycznych, kt\u00f3re w doros\u0142ym \u017cyciu wymagaj\u0105 skomplikowanego i kosztownego leczenia, ma swoje \u017ar\u00f3d\u0142o we wczesnym dzieci\u0144stwie. Dlatego kluczow\u0105 rol\u0119 odgrywa profilaktyka i wczesna interwencja. Rodzice cz\u0119sto zadaj\u0105 sobie pytanie: &#8222;Kiedy jest odpowiedni moment na pierwsz\u0105 wizyt\u0119 u ortodonty?&#8221;. Odpowied\u017a mo\u017ce by\u0107 zaskakuj\u0105ca \u2013 znacznie wcze\u015bniej, ni\u017c mog\u0142oby si\u0119 wydawa\u0107. Wsp\u00f3\u0142czesna ortodoncja dzieci\u0119ca k\u0142adzie nacisk na monitorowanie rozwoju zgryzu ju\u017c od najm\u0142odszych lat, aby w por\u0119 wychwyci\u0107 nieprawid\u0142owo\u015bci i pokierowa\u0107 wzrostem szcz\u0119k w prawid\u0142owy spos\u00f3b. W tym artykule wyja\u015bnimy, dlaczego wczesna kontrola jest tak wa\u017cna, jakie sygna\u0142y powinny zaniepokoi\u0107 rodzic\u00f3w i co dzieje si\u0119 podczas pierwszej, kluczowej wizyty w gabinecie ortodontycznym.<\/p>\n\n    <h2>Z\u0142oty standard: wiek 7 lat \u2013 dlaczego to magiczna granica?<\/h2>\n    <p>Mi\u0119dzynarodowe towarzystwa ortodontyczne, w tym Ameryka\u0144skie Stowarzyszenie Ortodont\u00f3w (AAO) i Polskie Towarzystwo Ortodontyczne (PTO), zgodnie rekomenduj\u0105, aby pierwsze badanie ortodontyczne odby\u0142o si\u0119 nie p\u00f3\u017aniej ni\u017c w 7. roku \u017cycia dziecka. Dlaczego akurat ten wiek jest tak istotny? To okres tzw. uz\u0119bienia mieszanego, kiedy w jamie ustnej dziecka znajduj\u0105 si\u0119 zar\u00f3wno z\u0119by mleczne, jak i pierwsze z\u0119by sta\u0142e \u2013 trzonowce (&#8222;sz\u00f3stki&#8221;) i siekacze. Jest to kluczowy moment diagnostyczny z kilku powod\u00f3w:<\/p>\n    <ul>\n        <li><strong>Ocena relacji szcz\u0119k:<\/strong> Ortodonta mo\u017ce ju\u017c w tym wieku oceni\u0107, czy szcz\u0119ka i \u017cuchwa rozwijaj\u0105 si\u0119 harmonijnie. Wyrzni\u0119cie si\u0119 pierwszych sta\u0142ych trzonowc\u00f3w stanowi punkt odniesienia do diagnozy ewentualnych wad doprzednio-tylnych (np. ty\u0142ozgryzu) i poprzecznych (np. zgryzu krzy\u017cowego).<\/li>\n        <li><strong>Analiza miejsca dla z\u0119b\u00f3w sta\u0142ych:<\/strong> Specjalista jest w stanie przewidzie\u0107, czy w \u0142ukach z\u0119bowych b\u0119dzie wystarczaj\u0105co du\u017co miejsca dla reszty z\u0119b\u00f3w sta\u0142ych, kt\u00f3re dopiero b\u0119d\u0105 si\u0119 wyrzyna\u0107. Wczesne wykrycie potencjalnych st\u0142ocze\u0144 pozwala na podj\u0119cie dzia\u0142a\u0144 zapobiegawczych.<\/li>\n        <li><strong>Mo\u017cliwo\u015b\u0107 leczenia interceptywnego:<\/strong> Wiek 7-9 lat to okres intensywnego wzrostu dziecka. Jest to &#8222;okno mo\u017cliwo\u015bci&#8221;, w kt\u00f3rym ortodonta mo\u017ce za pomoc\u0105 prostych aparat\u00f3w ruchomych wp\u0142ywa\u0107 na kierunek wzrostu ko\u015bci szcz\u0119k, koryguj\u0105c nieprawid\u0142owo\u015bci szkieletowe bez konieczno\u015bci p\u00f3\u017aniejszego, bardziej inwazyjnego leczenia.<\/li>\n        <li><strong>Identyfikacja szkodliwych nawyk\u00f3w:<\/strong> Wczesna wizyta pozwala na zdiagnozowanie i eliminacj\u0119 parafunkcji, takich jak ssanie kciuka, obgryzanie paznokci, oddychanie przez usta czy infantylne po\u0142ykanie, kt\u00f3re maj\u0105 destrukcyjny wp\u0142yw na rozw\u00f3j zgryzu.<\/li>\n    <\/ul>\n    <p>Warto podkre\u015bli\u0107, \u017ce pierwsza wizyta w wieku 7 lat rzadko kiedy ko\u0144czy si\u0119 natychmiastowym za\u0142o\u017ceniem aparatu. Najcz\u0119\u015bciej ma ona charakter konsultacyjny i profilaktyczny. Ortodonta ocenia sytuacj\u0119, a je\u015bli nie ma pilnych wskaza\u0144, zaleca regularne wizyty kontrolne co 6-12 miesi\u0119cy, aby monitorowa\u0107 rozw\u00f3j zgryzu i rozpocz\u0105\u0107 leczenie w najbardziej optymalnym momencie.<\/p>\n\n    <h2>Sygna\u0142y alarmowe \u2013 kiedy uda\u0107 si\u0119 do ortodonty wcze\u015bniej?<\/h2>\n    <p>Chocia\u017c 7 lat to zalecany wiek na pierwsz\u0105 kontrol\u0119, istniej\u0105 pewne objawy, kt\u00f3re powinny sk\u0142oni\u0107 rodzic\u00f3w do um\u00f3wienia wizyty wcze\u015bniej, nawet u 3- czy 4-latka. Te &#8222;czerwone flagi&#8221; mog\u0105 \u015bwiadczy\u0107 o rozwijaj\u0105cej si\u0119 wadzie zgryzu.<\/p>\n    <ul>\n        <li><strong>Przedwczesna utrata z\u0119b\u00f3w mlecznych:<\/strong> Z\u0119by mleczne utrzymuj\u0105 miejsce dla swoich sta\u0142ych nast\u0119pc\u00f3w. Ich zbyt wczesna utrata (np. w wyniku pr\u00f3chnicy lub urazu) mo\u017ce spowodowa\u0107 przesuwanie si\u0119 s\u0105siednich z\u0119b\u00f3w i zablokowanie drogi dla z\u0119ba sta\u0142ego.<\/li>\n        <li><strong>Szkodliwe nawyki:<\/strong> Utrzymuj\u0105ce si\u0119 po 3. roku \u017cycia ssanie kciuka, smoczka, wargi czy policzka mo\u017ce prowadzi\u0107 do powstania zgryzu otwartego i zw\u0119\u017cenia szcz\u0119ki.<\/li>\n        <li><strong>Oddychanie przez usta:<\/strong> Dziecko, kt\u00f3re stale ma otwart\u0105 buzi\u0119, zw\u0142aszcza podczas snu, jest nara\u017cone na nieprawid\u0142owy rozw\u00f3j twarzoczaszki. Taki tor oddychania mo\u017ce by\u0107 spowodowany np. przero\u015bni\u0119tym migda\u0142kiem gard\u0142owym i wymaga konsultacji nie tylko ortodonty, ale i laryngologa.<\/li>\n        <li><strong>Trudno\u015bci z \u017cuciem lub odgryzaniem:<\/strong> Je\u015bli dziecko unika twardych pokarm\u00f3w, gryzie w nietypowy spos\u00f3b lub skar\u017cy si\u0119 na b\u00f3l, mo\u017ce to by\u0107 sygna\u0142 problem\u00f3w ze zgryzem.<\/li>\n        <li><strong>Wady wymowy:<\/strong> Niekt\u00f3re wady wymowy, jak np. seplenienie mi\u0119dzyz\u0119bowe (wsuwanie j\u0119zyka mi\u0119dzy z\u0119by podczas m\u00f3wienia), mog\u0105 by\u0107 zar\u00f3wno przyczyn\u0105, jak i skutkiem wady zgryzu.<\/li>\n        <li><strong>Widoczne nieprawid\u0142owo\u015bci:<\/strong> Asymetria twarzy, nadmiernie cofni\u0119ta lub wysuni\u0119ta br\u00f3dka, z\u0119by wyrzynaj\u0105ce si\u0119 w nieprawid\u0142owych miejscach, st\u0142oczenia lub wyra\u017ane szpary mi\u0119dzy z\u0119bami to oczywiste wskazania do konsultacji.<\/li>\n        <li><strong>Zgrzytanie z\u0119bami (bruksizm):<\/strong> Cho\u0107 u ma\u0142ych dzieci mo\u017ce by\u0107 zjawiskiem fizjologicznym, nasilony i przewlek\u0142y bruksizm wymaga uwagi specjalisty.<\/li>\n    <\/ul>\n\n    <h2>Cele i metody wczesnego leczenia ortodontycznego<\/h2>\n    <p>Wczesne leczenie, nazywane r\u00f3wnie\u017c leczeniem interceptywnym lub I faz\u0105 leczenia, nie ma na celu idealnego ustawienia ka\u017cdego z\u0119ba. Jego zadaniem jest usuni\u0119cie przeszk\u00f3d dla prawid\u0142owego rozwoju i stworzenie optymalnych warunk\u00f3w dla wyrzynania si\u0119 z\u0119b\u00f3w sta\u0142ych. G\u0142\u00f3wne cele to:<\/p>\n    <ul>\n        <li><strong>Korekta wad poprzecznych:<\/strong> Rozbudowa zbyt w\u0105skiej szcz\u0119ki za pomoc\u0105 aparat\u00f3w typu Hyrax lub p\u0142ytki Schwarza, co eliminuje zgryz krzy\u017cowy i tworzy miejsce dla z\u0119b\u00f3w.<\/li>\n        <li><strong>Korekta wad szkieletowych:<\/strong> Stymulacja wzrostu \u017cuchwy w przypadku jej niedorozwoju (aparaty czynno\u015bciowe, np. Twin Block) lub hamowanie nadmiernego wzrostu szcz\u0119ki (maska twarzowa).<\/li>\n        <li><strong>Utrzymanie przestrzeni:<\/strong> W przypadku przedwczesnej utraty z\u0119ba mlecznego stosuje si\u0119 tzw. utrzymywacze przestrzeni, kt\u00f3re zapobiegaj\u0105 przesuwaniu si\u0119 z\u0119b\u00f3w.<\/li>\n        <li><strong>Eliminacja nawyk\u00f3w:<\/strong> Zastosowanie prostych aparat\u00f3w, jak p\u0142ytka przedsionkowa czy zapora dla j\u0119zyka, kt\u00f3re pomagaj\u0105 oduczy\u0107 dziecko szkodliwych parafunkcji.<\/li>\n    <\/ul>\n    <p>Wczesne leczenie trwa zazwyczaj od 12 do 18 miesi\u0119cy i prowadzone jest g\u0142\u00f3wnie za pomoc\u0105 aparat\u00f3w ruchomych. Jego sukces cz\u0119sto pozwala unikn\u0105\u0107 usuwania z\u0119b\u00f3w sta\u0142ych w przysz\u0142o\u015bci i skraca czas ewentualnego leczenia aparatem sta\u0142ym (II faza leczenia) w wieku nastoletnim.<\/p>\n\n    <h2>Tabela analityczna: Etapy rozwoju uz\u0119bienia a zalecenia ortodontyczne<\/h2>\n    <table>\n        <thead>\n            <tr>\n                <th>Wiek dziecka<\/th>\n                <th>Etap rozwoju uz\u0119bienia<\/th>\n                <th>Typowe problemy do obserwacji<\/th>\n                <th>Zalecane dzia\u0142ania ortodontyczne<\/th>\n            <\/tr>\n        <\/thead>\n        <tbody>\n            <tr>\n                <td><strong>3-6 lat<\/strong><\/td>\n                <td>Uz\u0119bienie mleczne<\/td>\n                <td>Szkodliwe nawyki (ssanie kciuka), oddychanie przez usta, wady wymowy, przedwczesna utrata mleczak\u00f3w, zgryz krzy\u017cowy.<\/td>\n                <td>Wizyta w razie wyst\u0105pienia sygna\u0142\u00f3w alarmowych. Terapia logopedyczna, eliminacja nawyk\u00f3w, ewentualnie proste aparaty (p\u0142ytka przedsionkowa).<\/td>\n            <\/tr>\n            <tr>\n                <td><strong>7-9 lat<\/strong><\/td>\n                <td>Wczesne uz\u0119bienie mieszane<\/td>\n                <td>Wyrzynanie si\u0119 pierwszych trzonowc\u00f3w i siekaczy sta\u0142ych. Ocena relacji szcz\u0119k, diagnoza st\u0142ocze\u0144, zgryz\u00f3w krzy\u017cowych, otwartych, g\u0142\u0119bokich.<\/td>\n                <td><strong>Zalecana pierwsza wizyta konsultacyjna.<\/strong> Rozpocz\u0119cie leczenia interceptywnego w razie potrzeby (aparaty ruchome, ekspandery).<\/td>\n            <\/tr>\n            <tr>\n                <td><strong>10-12 lat<\/strong><\/td>\n                <td>P\u00f3\u017ane uz\u0119bienie mieszane<\/td>\n                <td>Wymiana z\u0119b\u00f3w mlecznych na sta\u0142e w strefach bocznych. Monitorowanie procesu wyrzynania k\u0142\u00f3w i przedtrzonowc\u00f3w.<\/td>\n                <td>Kontynuacja lub zako\u0144czenie I fazy leczenia. Obserwacja i planowanie ewentualnej II fazy leczenia aparatem sta\u0142ym.<\/td>\n            <\/tr>\n            <tr>\n                <td><strong>Powy\u017cej 12 lat<\/strong><\/td>\n                <td>Uz\u0119bienie sta\u0142e<\/td>\n                <td>Obecne wszystkie z\u0119by sta\u0142e (opr\u00f3cz \u00f3semek). Korekta ustawienia poszczeg\u00f3lnych z\u0119b\u00f3w.<\/td>\n                <td>Optymalny czas na leczenie kompleksowe aparatem sta\u0142ym, je\u015bli jest ono konieczne.<\/td>\n            <\/tr>\n        <\/tbody>\n    <\/table>\n\n    <h2>Jak przygotowa\u0107 dziecko i siebie na pierwsz\u0105 wizyt\u0119?<\/h2>\n    <p>Pierwsze spotkanie z ortodont\u0105 powinno by\u0107 dla dziecka pozytywnym do\u015bwiadczeniem. Wa\u017cne jest, aby nie straszy\u0107 go &#8222;dentyst\u0105&#8221; ani leczeniem. Warto przedstawi\u0107 wizyt\u0119 jako ciekaw\u0105 przygod\u0119, podczas kt\u00f3rej mi\u0142y pan lub pani doktor sprawdzi, czy z\u0105bki rosn\u0105 prosto i zrobi im &#8222;zdj\u0119cia&#8221;. Gabinety ortodoncji dzieci\u0119cej s\u0105 cz\u0119sto przyja\u017anie urz\u0105dzone, a personel jest przeszkolony do pracy z najm\u0142odszymi. Sama wizyta jest bezbolesna \u2013 ortodonta zagl\u0105da do buzi, ocenia zgryz, prosi o wykonanie kilku prostych ruch\u00f3w \u017cuchw\u0105. Je\u015bli konieczna jest dalsza diagnostyka, wyja\u015bni jej cel i przebieg. Rodzic powinien przygotowa\u0107 si\u0119 na pytania dotycz\u0105ce przebiegu ci\u0105\u017cy, porodu, przebytych chor\u00f3b, nawyk\u00f3w dziecka oraz ewentualnych wad zgryzu w rodzinie. Otwarta i spokojna komunikacja to klucz do udanej wizyty i nawi\u0105zania dobrej relacji z lekarzem.<\/p>\n\n    <div class=\"faq-section\" itemscope itemtype=\"https:\/\/schema.org\/FAQPage\">\n        <h2>Najcz\u0119\u015bciej zadawane pytania (FAQ)<\/h2>\n        \n        <div itemscope itemprop=\"mainEntity\" itemtype=\"https:\/\/schema.org\/Question\">\n            <h3 itemprop=\"name\" class=\"faq-question\">Czy leczenie ortodontyczne u dzieci jest refundowane przez NFZ?<\/h3>\n            <div itemscope itemprop=\"acceptedAnswer\" itemtype=\"https:\/\/schema.org\/Answer\" class=\"faq-answer\">\n                <div itemprop=\"text\">\n                    <p>Leczenie ortodontyczne aparatami ruchomymi jest refundowane przez Narodowy Fundusz Zdrowia do uko\u0144czenia przez dziecko 12. roku \u017cycia. Refundacja obejmuje aparat, wizyty kontrolne (raz w miesi\u0105cu) oraz napraw\u0119 aparatu. Leczenie aparatami sta\u0142ymi nie jest refundowane, niezale\u017cnie od wieku pacjenta. Nale\u017cy pami\u0119ta\u0107, \u017ce czas oczekiwania na leczenie w ramach NFZ mo\u017ce by\u0107 bardzo d\u0142ugi.<\/p>\n                <\/div>\n            <\/div>\n        <\/div>\n\n        <div itemscope itemprop=\"mainEntity\" itemtype=\"https:\/\/schema.org\/Question\">\n            <h3 itemprop=\"name\" class=\"faq-question\">Moje dziecko ma proste z\u0119by mleczne. Czy to znaczy, \u017ce z\u0119by sta\u0142e te\u017c b\u0119d\u0105 proste?<\/h3>\n            <div itemscope itemprop=\"acceptedAnswer\" itemtype=\"https:\/\/schema.org\/Answer\" class=\"faq-answer\">\n                <div itemprop=\"text\">\n                    <p>Niekoniecznie. Co wi\u0119cej, idealnie r\u00f3wne, st\u0142oczone z\u0119by mleczne bez \u017cadnych przerw (tzw. szpar fizjologicznych) mog\u0105 by\u0107 sygna\u0142em, \u017ce w szcz\u0119kach jest za ma\u0142o miejsca dla znacznie wi\u0119kszych z\u0119b\u00f3w sta\u0142ych. Obecno\u015b\u0107 naturalnych przerw mi\u0119dzy mleczakami jest po\u017c\u0105danym zjawiskiem, \u015bwiadcz\u0105cym o prawid\u0142owym wzro\u015bcie szcz\u0119k.<\/p>\n                <\/div>\n            <\/div>\n        <\/div>\n\n        <div itemscope itemprop=\"mainEntity\" itemtype=\"https:\/\/schema.org\/Question\">\n            <h3 itemprop=\"name\" class=\"faq-question\">Czy wczesne leczenie gwarantuje, \u017ce dziecko nie b\u0119dzie potrzebowa\u0142o aparatu sta\u0142ego w przysz\u0142o\u015bci?<\/h3>\n            <div itemscope itemprop=\"acceptedAnswer\" itemtype=\"https:\/\/schema.org\/Answer\" class=\"faq-answer\">\n                <div itemprop=\"text\">\n                    <p>Nie zawsze. Celem wczesnego leczenia (I fazy) jest przede wszystkim rozwi\u0105zanie problem\u00f3w szkieletowych i stworzenie miejsca dla z\u0119b\u00f3w sta\u0142ych. Cz\u0119sto po wyrzni\u0119ciu si\u0119 wszystkich z\u0119b\u00f3w sta\u0142ych konieczna jest druga, kr\u00f3tsza faza leczenia aparatem sta\u0142ym w celu precyzyjnego ustawienia z\u0119b\u00f3w. Jednak dzi\u0119ki wczesnej interwencji, leczenie aparatem sta\u0142ym jest zazwyczaj prostsze, kr\u00f3tsze i rzadziej wymaga usuwania z\u0119b\u00f3w.<\/p>\n                <\/div>\n            <\/div>\n        <\/div>\n\n        <div itemscope itemprop=\"mainEntity\" itemtype=\"https:\/\/schema.org\/Question\">\n            <h3 itemprop=\"name\" class=\"faq-question\">Co je\u015bli przegapili\u015bmy zalecany wiek 7 lat na pierwsz\u0105 wizyt\u0119?<\/h3>\n            <div itemscope itemprop=\"acceptedAnswer\" itemtype=\"https:\/\/schema.org\/Answer\" class=\"faq-answer\">\n                <div itemprop=\"text\">\n                    <p>Nigdy nie jest za p\u00f3\u017ano na konsultacj\u0119 ortodontyczn\u0105. Je\u015bli dziecko ma 9, 10 czy 12 lat i nie by\u0142o jeszcze u ortodonty, nale\u017cy um\u00f3wi\u0107 wizyt\u0119 jak najszybciej. Chocia\u017c &#8222;okno mo\u017cliwo\u015bci&#8221; do wp\u0142ywania na wzrost ko\u015bci mo\u017ce by\u0107 ju\u017c mniejsze, specjalista wci\u0105\u017c ma wiele narz\u0119dzi do skutecznego leczenia. Im wcze\u015bniej zostanie postawiona diagnoza, tym lepsze i bardziej stabilne b\u0119d\u0105 efekty leczenia.<\/p>\n                <\/div>\n            <\/div>\n        <\/div>\n    <\/div>\n","protected":false},"excerpt":{"rendered":"<p>Zdrowy i pi\u0119kny u\u015bmiech to jeden z najcenniejszych dar\u00f3w, jakie mo\u017cemy ofiarowa\u0107 naszemu dziecku. Wiele problem\u00f3w ortodontycznych, kt\u00f3re w doros\u0142ym \u017cyciu wymagaj\u0105 skomplikowanego i kosztownego leczenia, ma swoje \u017ar\u00f3d\u0142o we wczesnym dzieci\u0144stwie. Dlatego kluczow\u0105 rol\u0119 odgrywa profilaktyka i wczesna interwencja. Rodzice cz\u0119sto zadaj\u0105 sobie pytanie: &#8222;Kiedy jest odpowiedni moment na pierwsz\u0105 wizyt\u0119 u ortodonty?&#8221;. Odpowied\u017a [&hellip;]<\/p>\n","protected":false},"author":4,"featured_media":0,"comment_status":"closed","ping_status":"open","sticky":false,"template":"","format":"standard","meta":{"_seopress_robots_primary_cat":"none","_seopress_titles_title":"","_seopress_titles_desc":"","_seopress_robots_index":"","footnotes":""},"categories":[79],"tags":[],"class_list":["post-6777","post","type-post","status-publish","format-standard","hentry","category-blog"],"_links":{"self":[{"href":"https:\/\/nowadent.com\/index.php?rest_route=\/wp\/v2\/posts\/6777","targetHints":{"allow":["GET"]}}],"collection":[{"href":"https:\/\/nowadent.com\/index.php?rest_route=\/wp\/v2\/posts"}],"about":[{"href":"https:\/\/nowadent.com\/index.php?rest_route=\/wp\/v2\/types\/post"}],"author":[{"embeddable":true,"href":"https:\/\/nowadent.com\/index.php?rest_route=\/wp\/v2\/users\/4"}],"replies":[{"embeddable":true,"href":"https:\/\/nowadent.com\/index.php?rest_route=%2Fwp%2Fv2%2Fcomments&post=6777"}],"version-history":[{"count":1,"href":"https:\/\/nowadent.com\/index.php?rest_route=\/wp\/v2\/posts\/6777\/revisions"}],"predecessor-version":[{"id":6780,"href":"https:\/\/nowadent.com\/index.php?rest_route=\/wp\/v2\/posts\/6777\/revisions\/6780"}],"wp:attachment":[{"href":"https:\/\/nowadent.com\/index.php?rest_route=%2Fwp%2Fv2%2Fmedia&parent=6777"}],"wp:term":[{"taxonomy":"category","embeddable":true,"href":"https:\/\/nowadent.com\/index.php?rest_route=%2Fwp%2Fv2%2Fcategories&post=6777"},{"taxonomy":"post_tag","embeddable":true,"href":"https:\/\/nowadent.com\/index.php?rest_route=%2Fwp%2Fv2%2Ftags&post=6777"}],"curies":[{"name":"wp","href":"https:\/\/api.w.org\/{rel}","templated":true}]}}