{"id":6827,"date":"2025-10-22T13:34:50","date_gmt":"2025-10-22T11:34:50","guid":{"rendered":"http:\/\/nowadent.com\/?p=6827"},"modified":"2025-10-22T13:34:50","modified_gmt":"2025-10-22T11:34:50","slug":"leczenie-ortodontyczne-co-to-jest-i-kiedy-warto-je-rozpoczac","status":"publish","type":"post","link":"https:\/\/nowadent.com\/?p=6827","title":{"rendered":"Leczenie ortodontyczne \u2013 co to jest i kiedy warto je rozpocz\u0105\u0107?"},"content":{"rendered":"\n   <p>Wsp\u00f3\u0142czesna stomatologia oferuje znacznie wi\u0119cej ni\u017c tylko leczenie pr\u00f3chnicy i dbanie o zdrowie dzi\u0105se\u0142. Jedn\u0105 z jej najdynamiczniej rozwijaj\u0105cych si\u0119 i najwa\u017cniejszych dziedzin jest ortodoncja. Cho\u0107 powszechnie kojarzona z estetyk\u0105 i d\u0105\u017ceniem do \u201ehollywoodzkiego u\u015bmiechu\u201d, jej rola jest znacznie g\u0142\u0119bsza i ma fundamentalne znaczenie dla zdrowia ca\u0142ego aparatu \u017cucia, a nawet og\u00f3lnego stanu zdrowia pacjenta. Decyzja o podj\u0119ciu leczenia ortodontycznego jest inwestycj\u0105 w przysz\u0142o\u015b\u0107, kt\u00f3ra procentuje przez ca\u0142e \u017cycie. W niniejszym artykule dog\u0142\u0119bnie wyja\u015bnimy, czym jest leczenie ortodontyczne, jakie problemy rozwi\u0105zuje i jaki jest optymalny moment na jego rozpocz\u0119cie, aby osi\u0105gn\u0105\u0107 najlepsze i najtrwalsze rezultaty.<\/p>\n\n    <h2>Czym dok\u0142adnie jest ortodoncja? Definicja i cele<\/h2>\n\n    <p>Ortodoncja to specjalistyczna dziedzina stomatologii zajmuj\u0105ca si\u0119 diagnozowaniem, profilaktyk\u0105 i leczeniem wad zgryzu oraz nieprawid\u0142owo\u015bci z\u0119bowych. Jej nazwa pochodzi od greckich s\u0142\u00f3w <em>orthos<\/em> (prosty, prawid\u0142owy) i <em>odous<\/em> (z\u0105b). G\u0142\u00f3wnym celem ortodoncji nie jest, wbrew obiegowej opinii, jedynie poprawa wygl\u0105du z\u0119b\u00f3w. To kompleksowe dzia\u0142anie, kt\u00f3re d\u0105\u017cy do osi\u0105gni\u0119cia harmonii w ca\u0142ym uk\u0142adzie stomatognatycznym, obejmuj\u0105cym z\u0119by, dzi\u0105s\u0142a, ko\u015bci szcz\u0119ki i \u017cuchwy, stawy skroniowo-\u017cuchwowe oraz mi\u0119\u015bnie odpowiedzialne za \u017cucie.<\/p>\n\n    <p><strong>G\u0142\u00f3wne cele leczenia ortodontycznego mo\u017cna podzieli\u0107 na trzy kategorie:<\/strong><\/p>\n    <ol>\n        <li><strong>Cele funkcjonalne:<\/strong> Prawid\u0142owo ustawione z\u0119by zapewniaj\u0105 optymalne roz\u0142o\u017cenie si\u0142 podczas \u017cucia, co zapobiega nadmiernemu \u015bcieraniu si\u0119 szkliwa, p\u0119kaniu z\u0119b\u00f3w oraz przeci\u0105\u017ceniu staw\u00f3w skroniowo-\u017cuchwowych. Poprawia to efektywno\u015b\u0107 gryzienia i rozdrabniania pokarmu, co jest pierwszym etapem trawienia. Leczenie ortodontyczne mo\u017ce r\u00f3wnie\u017c eliminowa\u0107 problemy z wymow\u0105 (np. seplenienie) spowodowane nieprawid\u0142owym u\u0142o\u017ceniem z\u0119b\u00f3w.<\/li>\n        <li><strong>Cele zdrowotne:<\/strong> St\u0142oczone i nachodz\u0105ce na siebie z\u0119by s\u0105 niezwykle trudne do skutecznego czyszczenia. Prowadzi to do zalegania p\u0142ytki naz\u0119bnej, co z kolei zwi\u0119ksza ryzyko rozwoju pr\u00f3chnicy oraz chor\u00f3b przyz\u0119bia (paradontozy), kt\u00f3re mog\u0105 prowadzi\u0107 nawet do utraty z\u0119b\u00f3w. Proste z\u0119by to \u0142atwiejsza higiena i zdrowsze dzi\u0105s\u0142a.<\/li>\n        <li><strong>Cele estetyczne:<\/strong> Prosty, harmonijny u\u015bmiech ma ogromny wp\u0142yw na samoocen\u0119, pewno\u015b\u0107 siebie i postrzeganie przez otoczenie. Korekta wad zgryzu cz\u0119sto prowadzi do poprawy rys\u00f3w twarzy, profilu i og\u00f3lnej estetyki, co jest dla wielu pacjent\u00f3w kluczow\u0105 motywacj\u0105 do podj\u0119cia leczenia.<\/li>\n    <\/ol>\n    <p>Lekarz ortodonta, wykorzystuj\u0105c r\u00f3\u017cnego rodzaju aparaty (sta\u0142e, ruchome, nak\u0142adkowe), wywiera kontrolowane, delikatne si\u0142y na z\u0119by i ko\u015bci, stymuluj\u0105c ich przebudow\u0119 i przemieszczanie si\u0119 do po\u017c\u0105danej pozycji. Jest to proces biologiczny, wymagaj\u0105cy czasu, precyzji i regularnej kontroli.<\/p>\n\n    <h2>Rodzaje wad zgryzu \u2013 Kiedy interwencja jest konieczna?<\/h2>\n\n    <p>Wady zgryzu to wszelkie odchylenia od idealnego, fizjologicznego u\u0142o\u017cenia z\u0119b\u00f3w w \u0142ukach z\u0119bowych oraz ich wzajemnej relacji. Mog\u0105 mie\u0107 pod\u0142o\u017ce genetyczne, by\u0107 wynikiem szkodliwych nawyk\u00f3w w dzieci\u0144stwie (np. ssanie kciuka, oddychanie przez usta) lub powsta\u0107 w wyniku przedwczesnej utraty z\u0119b\u00f3w mlecznych. Najcz\u0119\u015bciej diagnozowane wady to:<\/p>\n    <ul>\n        <li><strong>St\u0142oczenia z\u0119bowe:<\/strong> Z\u0119by s\u0105 \u201eupchni\u0119te\u201d w \u0142uku z\u0119bowym, nachodz\u0105 na siebie, rosn\u0105 pod k\u0105tem. To najcz\u0119stsza przyczyna konsultacji ortodontycznej, znacznie utrudniaj\u0105ca higien\u0119.<\/li>\n        <li><strong>Szparowato\u015b\u0107 (diastemy):<\/strong> Obecno\u015b\u0107 nadmiernych przerw mi\u0119dzy z\u0119bami. Najbardziej znana jest diastema mi\u0119dzy g\u00f3rnymi jedynkami, ale szpary mog\u0105 wyst\u0119powa\u0107 w ca\u0142ym \u0142uku.<\/li>\n        <li><strong>Ty\u0142ozgryz:<\/strong> Dolny \u0142uk z\u0119bowy jest cofni\u0119ty w stosunku do g\u00f3rnego. Z\u0119by sieczne g\u00f3rne s\u0105 cz\u0119sto wychylone, a br\u00f3dka mo\u017ce wydawa\u0107 si\u0119 cofni\u0119ta.<\/li>\n        <li><strong>Przodozgryz:<\/strong> Dolny \u0142uk z\u0119bowy jest wysuni\u0119ty do przodu w stosunku do g\u00f3rnego, co powoduje, \u017ce dolne z\u0119by zachodz\u0105 na g\u00f3rne. Cz\u0119sto wi\u0105\u017ce si\u0119 to z wysuni\u0119t\u0105, masywn\u0105 br\u00f3dk\u0105.<\/li>\n        <li><strong>Zgryz krzy\u017cowy:<\/strong> Niekt\u00f3re z\u0119by dolne zachodz\u0105 na z\u0119by g\u00f3rne (odwrotnie ni\u017c w prawid\u0142owym zgryzie). Mo\u017ce to prowadzi\u0107 do asymetrii twarzy i patologicznego \u015bcierania z\u0119b\u00f3w.<\/li>\n        <li><strong>Zgryz otwarty:<\/strong> Przy zamkni\u0119tych ustach mi\u0119dzy z\u0119bami g\u00f3rnymi a dolnymi pozostaje widoczna przestrze\u0144. Najcz\u0119\u015bciej dotyczy to odcinka przedniego i utrudnia odgryzanie k\u0119s\u00f3w.<\/li>\n        <li><strong>Zgryz g\u0142\u0119boki:<\/strong> G\u00f3rne z\u0119by nadmiernie zakrywaj\u0105 z\u0119by dolne (wi\u0119cej ni\u017c 1\/3 ich wysoko\u015bci). Mo\u017ce to prowadzi\u0107 do uraz\u00f3w b\u0142ony \u015bluzowej podniebienia i \u015bcierania z\u0119b\u00f3w siecznych.<\/li>\n    <\/ul>\n    <p>Ka\u017cda z tych wad, pozostawiona bez leczenia, mo\u017ce prowadzi\u0107 do powa\u017cnych konsekwencji zdrowotnych, od problem\u00f3w z jedzeniem, przez b\u00f3le g\u0142owy i karku, a\u017c po przedwczesn\u0105 utrat\u0119 z\u0119b\u00f3w.<\/p>\n\n    <h2>Optymalny czas na rozpocz\u0119cie leczenia: Dzieci, m\u0142odzie\u017c i doro\u015bli<\/h2>\n\n    <p>Pytanie \u201ekiedy najlepiej zacz\u0105\u0107 leczenie ortodontyczne?\u201d jest jednym z najcz\u0119\u015bciej zadawanych przez pacjent\u00f3w i rodzic\u00f3w. Odpowied\u017a nie jest jednoznaczna i zale\u017cy od rodzaju wady oraz indywidualnego rozwoju pacjenta.<\/p>\n\n    <h3>Dzieci (ok. 7-10 lat)<\/h3>\n    <p>Ameryka\u0144skie Stowarzyszenie Ortodont\u00f3w zaleca, aby <strong>ka\u017cde dziecko odby\u0142o pierwsz\u0105 konsultacj\u0119 ortodontyczn\u0105 w wieku oko\u0142o 7 lat<\/strong>. Nie oznacza to, \u017ce w tym wieku rozpocznie si\u0119 leczenie aparatem sta\u0142ym. Jest to jednak kluczowy moment, w kt\u00f3rym ortodonta mo\u017ce oceni\u0107 rozw\u00f3j szcz\u0119k i wyrzynanie si\u0119 z\u0119b\u00f3w sta\u0142ych. Na tym etapie mo\u017cliwe jest tzw. <strong>leczenie wczesne (interceptywne)<\/strong>, kt\u00f3re ma na celu:\n    <ul>\n        <li>Korygowanie szkodliwych nawyk\u00f3w (ssanie palca, nieprawid\u0142owe po\u0142ykanie).<\/li>\n        <li>Wp\u0142ywanie na wzrost ko\u015bci szcz\u0119k, aby stworzy\u0107 wi\u0119cej miejsca dla z\u0119b\u00f3w sta\u0142ych.<\/li>\n        <li>Leczenie powa\u017cnych wad, takich jak zgryz krzy\u017cowy czy znaczny ty\u0142ozgryz, kt\u00f3re mog\u0142yby zaburzy\u0107 prawid\u0142owy rozw\u00f3j twarzy.<\/li>\n    <\/ul>\n    Leczenie wczesne cz\u0119sto wykorzystuje aparaty ruchome i mo\u017ce znacznie upro\u015bci\u0107 lub skr\u00f3ci\u0107 p\u00f3\u017aniejsze leczenie aparatem sta\u0142ym, a w niekt\u00f3rych przypadkach nawet je wyeliminowa\u0107.<\/p>\n\n    <h3>M\u0142odzie\u017c (ok. 11-16 lat)<\/h3>\n    <p>To najcz\u0119stszy i cz\u0119sto najbardziej efektywny okres na rozpocz\u0119cie kompleksowego leczenia ortodontycznego, zazwyczaj przy u\u017cyciu aparat\u00f3w sta\u0142ych. W tym wieku wi\u0119kszo\u015b\u0107 z\u0119b\u00f3w sta\u0142ych jest ju\u017c obecna, a procesy wzrostowe ko\u015bci wci\u0105\u017c trwaj\u0105, co u\u0142atwia przesuwanie z\u0119b\u00f3w i korekt\u0119 wad. Pacjenci w tym wieku s\u0105 r\u00f3wnie\u017c cz\u0119sto zmotywowani perspektyw\u0105 pi\u0119knego u\u015bmiechu i \u0142atwiej adaptuj\u0105 si\u0119 do noszenia aparatu.<\/p>\n\n    <h3>Doro\u015bli<\/h3>\n    <p><strong>Na leczenie ortodontyczne nigdy nie jest za p\u00f3\u017ano!<\/strong> Coraz wi\u0119cej doros\u0142ych decyduje si\u0119 na korekt\u0119 wad zgryzu, kt\u00f3rych nie leczono w dzieci\u0144stwie. Motywacje s\u0105 r\u00f3\u017cne: od estetycznych po zdrowotne (np. przygotowanie do leczenia protetycznego \u2013 implant\u00f3w czy most\u00f3w). Leczenie u doros\u0142ych jest r\u00f3wnie skuteczne, cho\u0107 mo\u017ce trwa\u0107 nieco d\u0142u\u017cej ze wzgl\u0119du na zako\u0144czony wzrost i mniejsz\u0105 plastyczno\u015b\u0107 ko\u015bci. Cz\u0119sto wymaga bardziej interdyscyplinarnego podej\u015bcia, we wsp\u00f3\u0142pracy z periodontologiem czy chirurgiem. Wsp\u00f3\u0142czesna ortodoncja oferuje doros\u0142ym dyskretne rozwi\u0105zania, takie jak aparaty estetyczne (ceramiczne) czy systemy nak\u0142adkowe (alignery), kt\u00f3re minimalizuj\u0105 wp\u0142yw leczenia na \u017cycie zawodowe i towarzyskie.<\/p>\n\n    <h2>Tabela Analityczna: Wady zgryzu i rekomendowany moment interwencji<\/h2>\n    <table>\n        <thead>\n            <tr>\n                <th>Rodzaj wady zgryzu<\/th>\n                <th>Charakterystyka<\/th>\n                <th>Potencjalne konsekwencje nieleczenia<\/th>\n                <th>Rekomendowany wiek pierwszej konsultacji<\/th>\n            <\/tr>\n        <\/thead>\n        <tbody>\n            <tr>\n                <td><strong>St\u0142oczenia z\u0119bowe<\/strong><\/td>\n                <td>Brak miejsca w \u0142uku, z\u0119by nachodz\u0105 na siebie.<\/td>\n                <td>Wysokie ryzyko pr\u00f3chnicy i chor\u00f3b dzi\u0105se\u0142, nieestetyczny wygl\u0105d.<\/td>\n                <td>7-9 lat (ocena potrzeby ekspansji \u0142uk\u00f3w) lub 11-13 lat.<\/td>\n            <\/tr>\n            <tr>\n                <td><strong>Ty\u0142ozgryz<\/strong><\/td>\n                <td>Dolny \u0142uk z\u0119bowy cofni\u0119ty w stosunku do g\u00f3rnego.<\/td>\n                <td>Zwi\u0119kszone ryzyko uraz\u00f3w z\u0119b\u00f3w przednich, problemy ze stawami skroniowo-\u017cuchwowymi.<\/td>\n                <td>7-9 lat (mo\u017cliwo\u015b\u0107 leczenia wczesnego aparatem czynno\u015bciowym).<\/td>\n            <\/tr>\n            <tr>\n                <td><strong>Przodozgryz<\/strong><\/td>\n                <td>Dolne z\u0119by zachodz\u0105 na g\u00f3rne.<\/td>\n                <td>Nadmierne \u015bcieranie z\u0119b\u00f3w, obci\u0105\u017cenie staw\u00f3w, problemy z odgryzaniem pokarmu.<\/td>\n                <td>Jak najwcze\u015bniej, nawet 4-6 lat, aby hamowa\u0107 doprzedni wzrost \u017cuchwy.<\/td>\n            <\/tr>\n            <tr>\n                <td><strong>Zgryz krzy\u017cowy<\/strong><\/td>\n                <td>Z\u0119by dolne zachodz\u0105 na z\u0119by g\u00f3rne na zewn\u0105trz.<\/td>\n                <td>Asymetria twarzy, patologiczne \u015bcieranie z\u0119b\u00f3w, zaburzenia w stawach skroniowo-\u017cuchwowych.<\/td>\n                <td>Jak najwcze\u015bniej po diagnozie (7-8 lat), wymaga pilnej interwencji.<\/td>\n            <\/tr>\n            <tr>\n                <td><strong>Zgryz otwarty<\/strong><\/td>\n                <td>Brak kontaktu mi\u0119dzy z\u0119bami g\u00f3rnymi i dolnymi.<\/td>\n                <td>Problemy z odgryzaniem, wymow\u0105 (seplenienie), nieprawid\u0142owe po\u0142ykanie.<\/td>\n                <td>7-9 lat, cz\u0119sto zwi\u0105zany ze szkodliwymi nawykami, kt\u00f3re nale\u017cy wyeliminowa\u0107.<\/td>\n            <\/tr>\n            <tr>\n                <td><strong>Diastema \/ Szparowato\u015b\u0107<\/strong><\/td>\n                <td>Przerwy mi\u0119dzy z\u0119bami.<\/td>\n                <td>G\u0142\u00f3wnie problem estetyczny, ale mo\u017ce powodowa\u0107 problemy z dzi\u0105s\u0142ami i wymow\u0105.<\/td>\n                <td>Po wyrzni\u0119ciu sta\u0142ych k\u0142\u00f3w (ok. 11-12 lat). Wcze\u015bniej mo\u017ce by\u0107 zjawiskiem fizjologicznym.<\/td>\n            <\/tr>\n        <\/tbody>\n    <\/table>\n\n    <div class=\"faq-section\">\n        <h2>Najcz\u0119\u015bciej zadawane pytania (FAQ)<\/h2>\n        <div itemscope itemtype=\"https:\/\/schema.org\/FAQPage\">\n            <div itemscope itemprop=\"mainEntity\" itemtype=\"https:\/\/schema.org\/Question\" class=\"faq-question\">\n                <h3 itemprop=\"name\">Czy leczenie ortodontyczne jest tylko dla dzieci i m\u0142odzie\u017cy?<\/h3>\n                <div itemscope itemprop=\"acceptedAnswer\" itemtype=\"https:\/\/schema.org\/Answer\">\n                    <div itemprop=\"text\">\n                        <p>Absolutnie nie. Na leczenie ortodontyczne nigdy nie jest za p\u00f3\u017ano. Coraz wi\u0119cej pacjent\u00f3w to osoby doros\u0142e, nawet po 40., 50. czy 60. roku \u017cycia. Cho\u0107 leczenie u doros\u0142ych mo\u017ce trwa\u0107 nieco d\u0142u\u017cej i czasami wymaga bardziej z\u0142o\u017conego planu, jest r\u00f3wnie skuteczne. Nowoczesne, dyskretne aparaty, takie jak nak\u0142adki (alignery) czy aparaty ceramiczne, sprawiaj\u0105, \u017ce leczenie jest komfortowe i akceptowalne spo\u0142ecznie w ka\u017cdym wieku.<\/p>\n                    <\/div>\n                <\/div>\n            <\/div>\n            <div itemscope itemprop=\"mainEntity\" itemtype=\"https:\/\/schema.org\/Question\" class=\"faq-question\">\n                <h3 itemprop=\"name\">Czy przed rozpocz\u0119ciem leczenia ortodontycznego trzeba usuwa\u0107 z\u0119by?<\/h3>\n                <div itemscope itemprop=\"acceptedAnswer\" itemtype=\"https:\/\/schema.org\/Answer\">\n                    <div itemprop=\"text\">\n                        <p>Nie zawsze. Decyzja o ekstrakcji (usuni\u0119ciu) z\u0119b\u00f3w, najcz\u0119\u015bciej przedtrzonowych, jest podejmowana tylko w przypadkach du\u017cych st\u0142ocze\u0144, gdy w \u0142uku z\u0119bowym brakuje miejsca na prawid\u0142owe ustawienie wszystkich z\u0119b\u00f3w. Wsp\u00f3\u0142czesna ortodoncja d\u0105\u017cy do leczenia bezekstrakcyjnego, stosuj\u0105c techniki takie jak ekspansja \u0142uk\u00f3w czy dystalizacja (przesuwanie z\u0119b\u00f3w do ty\u0142u). Ostateczny plan leczenia jest ustalany przez ortodont\u0119 po dok\u0142adnej analizie diagnostycznej (zdj\u0119\u0107 RTG, modeli z\u0119b\u00f3w).<\/p>\n                    <\/div>\n                <\/div>\n            <\/div>\n            <div itemscope itemprop=\"mainEntity\" itemtype=\"https:\/\/schema.org\/Question\" class=\"faq-question\">\n                <h3 itemprop=\"name\">Ile kosztuje pierwsza wizyta konsultacyjna u ortodonty?<\/h3>\n                <div itemscope itemprop=\"acceptedAnswer\" itemtype=\"https:\/\/schema.org\/Answer\">\n                    <div itemprop=\"text\">\n                        <p>Koszt pierwszej wizyty konsultacyjnej jest zr\u00f3\u017cnicowany w zale\u017cno\u015bci od gabinetu i miasta. Zazwyczaj obejmuje on badanie jamy ustnej, wst\u0119pn\u0105 ocen\u0119 wady zgryzu i przedstawienie og\u00f3lnego zarysu mo\u017cliwego leczenia. Nale\u017cy pami\u0119ta\u0107, \u017ce pe\u0142na diagnostyka, obejmuj\u0105ca wykonanie wycisk\u00f3w, modeli diagnostycznych, zdj\u0119\u0107 fotograficznych oraz analiz\u0119 zdj\u0119\u0107 rentgenowskich (pantomograficznego i cefalometrycznego), jest osobnym, dodatkowo p\u0142atnym etapem, niezb\u0119dnym do stworzenia precyzyjnego planu leczenia.<\/p>\n                    <\/div>\n                <\/div>\n            <\/div>\n        <\/div>\n    <\/div>\n","protected":false},"excerpt":{"rendered":"<p>Wsp\u00f3\u0142czesna stomatologia oferuje znacznie wi\u0119cej ni\u017c tylko leczenie pr\u00f3chnicy i dbanie o zdrowie dzi\u0105se\u0142. Jedn\u0105 z jej najdynamiczniej rozwijaj\u0105cych si\u0119 i najwa\u017cniejszych dziedzin jest ortodoncja. Cho\u0107 powszechnie kojarzona z estetyk\u0105 i d\u0105\u017ceniem do \u201ehollywoodzkiego u\u015bmiechu\u201d, jej rola jest znacznie g\u0142\u0119bsza i ma fundamentalne znaczenie dla zdrowia ca\u0142ego aparatu \u017cucia, a nawet og\u00f3lnego stanu zdrowia pacjenta. [&hellip;]<\/p>\n","protected":false},"author":4,"featured_media":0,"comment_status":"closed","ping_status":"open","sticky":false,"template":"","format":"standard","meta":{"_seopress_robots_primary_cat":"none","_seopress_titles_title":"","_seopress_titles_desc":"","_seopress_robots_index":"","footnotes":""},"categories":[79],"tags":[],"class_list":["post-6827","post","type-post","status-publish","format-standard","hentry","category-blog"],"_links":{"self":[{"href":"https:\/\/nowadent.com\/index.php?rest_route=\/wp\/v2\/posts\/6827","targetHints":{"allow":["GET"]}}],"collection":[{"href":"https:\/\/nowadent.com\/index.php?rest_route=\/wp\/v2\/posts"}],"about":[{"href":"https:\/\/nowadent.com\/index.php?rest_route=\/wp\/v2\/types\/post"}],"author":[{"embeddable":true,"href":"https:\/\/nowadent.com\/index.php?rest_route=\/wp\/v2\/users\/4"}],"replies":[{"embeddable":true,"href":"https:\/\/nowadent.com\/index.php?rest_route=%2Fwp%2Fv2%2Fcomments&post=6827"}],"version-history":[{"count":1,"href":"https:\/\/nowadent.com\/index.php?rest_route=\/wp\/v2\/posts\/6827\/revisions"}],"predecessor-version":[{"id":6830,"href":"https:\/\/nowadent.com\/index.php?rest_route=\/wp\/v2\/posts\/6827\/revisions\/6830"}],"wp:attachment":[{"href":"https:\/\/nowadent.com\/index.php?rest_route=%2Fwp%2Fv2%2Fmedia&parent=6827"}],"wp:term":[{"taxonomy":"category","embeddable":true,"href":"https:\/\/nowadent.com\/index.php?rest_route=%2Fwp%2Fv2%2Fcategories&post=6827"},{"taxonomy":"post_tag","embeddable":true,"href":"https:\/\/nowadent.com\/index.php?rest_route=%2Fwp%2Fv2%2Ftags&post=6827"}],"curies":[{"name":"wp","href":"https:\/\/api.w.org\/{rel}","templated":true}]}}